{"id":14,"date":"2014-03-10T20:26:06","date_gmt":"2014-03-10T20:26:06","guid":{"rendered":"https:\/\/support.gerasdorfer-stadtlauf.at\/?p=14"},"modified":"2014-03-10T20:26:06","modified_gmt":"2014-03-10T20:26:06","slug":"leistungen","status":"publish","type":"post","link":"https:\/\/support.gerasdorfer-stadtlauf.at\/?p=14","title":{"rendered":"Leistungen"},"content":{"rendered":"<p>Unser dynamisches\u00a0Angebot:<\/p>\n<table>\n<tbody>\n<tr>\n<td style=\"width: 30px; height: 40px;\"><img loading=\"lazy\" decoding=\"async\" src=\"http:\/\/farm4.staticflickr.com\/3725\/13176182593_fd20ae63c8_s.jpg\" alt=\"Haekchen\" width=\"25\" height=\"25\" \/><\/td>\n<td><strong><a href=\"index.php\/training\">Lauftraining f\u00fcr Kinder<\/a><br \/><\/strong>von M\u00e4rz bis Oktober, immer am Donnerstag, 1,5 Stunden<\/td>\n<\/tr>\n<tr>\n<td style=\"width: 30px; height: 40px;\"><img loading=\"lazy\" decoding=\"async\" src=\"http:\/\/farm4.staticflickr.com\/3725\/13176182593_fd20ae63c8_s.jpg\" alt=\"Haekchen\" width=\"25\" height=\"25\" \/><\/td>\n<td>\n<p><strong><strong><a href=\"index.php\/training\">Wintertraining f\u00fcr Kinder in der Halle<\/a><br \/><\/strong><\/strong>von Oktober bis M\u00e4rz, immer donnerstags, 105 Minuten<\/p>\n<\/td>\n<\/tr>\n<tr>\n<td style=\"width: 30px; height: 40px;\"><img loading=\"lazy\" decoding=\"async\" src=\"http:\/\/farm4.staticflickr.com\/3725\/13176182593_fd20ae63c8_s.jpg\" alt=\"Haekchen\" width=\"25\" height=\"25\" \/><\/td>\n<td>\n<p><strong><strong><strong><a href=\"index.php\/laufteilnahmen-2014\">Teilnahmegeb\u00fchren<\/a><br \/><\/strong><\/strong><\/strong>Die\u00a0Teilnahmegeb\u00fchren\u00a0f\u00fcr die Kinderl\u00e4ufe des Weinviertler Laufcups\u00a0sind im Trainingsbeitrag inkludiert.<strong><strong><strong><br \/><\/strong><\/strong><\/strong><\/p>\n<\/td>\n<\/tr>\n<tr>\n<td style=\"width: 30px; height: 40px;\"><img loading=\"lazy\" decoding=\"async\" src=\"http:\/\/farm4.staticflickr.com\/3725\/13176182593_fd20ae63c8_s.jpg\" alt=\"Haekchen\" width=\"25\" height=\"25\" \/><\/td>\n<td>\n<p><strong><strong><strong><a href=\"http:\/\/www.dorfarenalauf.at\">DorfArenaLauf<\/a><br \/><\/strong><\/strong><\/strong>Der Seyringer DorfArenaLauf\u00a0wird von Dynamo Seyring 1 x j\u00e4hrlich veranstaltet<strong>.<strong><strong><br \/><\/strong><\/strong><\/strong><\/p>\n<\/td>\n<\/tr>\n<tr>\n<td style=\"width: 30px; height: 40px;\"><img loading=\"lazy\" decoding=\"async\" src=\"http:\/\/farm4.staticflickr.com\/3725\/13176182593_fd20ae63c8_s.jpg\" alt=\"Haekchen\" width=\"25\" height=\"25\" \/><\/td>\n<td>\n<p><strong><strong><strong><strong>Vereinsleiberl<br \/><\/strong><\/strong><\/strong><\/strong>f\u00fcr Kinder der Laufgruppe nach der ersten Teilnahme an einem Lauf, an dem Dynamo Seyring offiziell teilnimmt<strong><strong><strong><br \/><\/strong><\/strong><\/strong><\/p>\n<\/td>\n<\/tr>\n<tr>\n<td style=\"width: 30px; height: 40px;\"><img loading=\"lazy\" decoding=\"async\" src=\"http:\/\/farm4.staticflickr.com\/3725\/13176182593_fd20ae63c8_s.jpg\" alt=\"Haekchen\" width=\"25\" height=\"25\" \/><\/td>\n<td>\n<p><strong><strong><strong><strong>Vereinsjacke<br \/><\/strong><\/strong><\/strong><\/strong>f\u00fcr Kinder der Laufgruppe nach 8\u00a0Lauf-Teilnahmen innerhalb eines Kalenderjahres<strong><strong><strong><strong><br \/><\/strong><\/strong><\/strong><\/strong><\/p>\n<\/td>\n<\/tr>\n<\/tbody>\n<\/table>\n<p>\u00a0<\/p>\n<div class=\"links\">\n<a href=\"http:\/\/www.dorfarenalauf.at\" target=\"_self\" rel=\"noopener\">DorfArenaLauf<\/a><br \/>\n<a href=\"http:\/\/www.weinviertler-laufcup.at\" target=\"_self\" rel=\"noopener\">Weinviertler Laufcup<\/a>\n<\/div>\n","protected":false},"excerpt":{"rendered":"<p>Unser dynamisches\u00a0Angebot: Lauftraining f\u00fcr Kindervon M\u00e4rz bis Oktober, immer am Donnerstag, 1,5 Stunden Wintertraining f\u00fcr Kinder in der Hallevon Oktober bis M\u00e4rz, immer donnerstags, 105 Minuten Teilnahmegeb\u00fchrenDie\u00a0Teilnahmegeb\u00fchren\u00a0f\u00fcr die Kinderl\u00e4ufe des Weinviertler Laufcups\u00a0sind im Trainingsbeitrag inkludiert. DorfArenaLaufDer Seyringer DorfArenaLauf\u00a0wird von Dynamo Seyring 1 x j\u00e4hrlich veranstaltet. Vereinsleiberlf\u00fcr Kinder der Laufgruppe nach&#8230;<\/p>\n","protected":false},"author":2,"featured_media":0,"comment_status":"open","ping_status":"open","sticky":false,"template":"","format":"standard","meta":{"footnotes":""},"categories":[2],"tags":[],"class_list":["post-14","post","type-post","status-publish","format-standard","hentry","category-dynamo-seyring-der-verein"],"_links":{"self":[{"href":"https:\/\/support.gerasdorfer-stadtlauf.at\/index.php?rest_route=\/wp\/v2\/posts\/14","targetHints":{"allow":["GET"]}}],"collection":[{"href":"https:\/\/support.gerasdorfer-stadtlauf.at\/index.php?rest_route=\/wp\/v2\/posts"}],"about":[{"href":"https:\/\/support.gerasdorfer-stadtlauf.at\/index.php?rest_route=\/wp\/v2\/types\/post"}],"author":[{"embeddable":true,"href":"https:\/\/support.gerasdorfer-stadtlauf.at\/index.php?rest_route=\/wp\/v2\/users\/2"}],"replies":[{"embeddable":true,"href":"https:\/\/support.gerasdorfer-stadtlauf.at\/index.php?rest_route=%2Fwp%2Fv2%2Fcomments&post=14"}],"version-history":[{"count":0,"href":"https:\/\/support.gerasdorfer-stadtlauf.at\/index.php?rest_route=\/wp\/v2\/posts\/14\/revisions"}],"wp:attachment":[{"href":"https:\/\/support.gerasdorfer-stadtlauf.at\/index.php?rest_route=%2Fwp%2Fv2%2Fmedia&parent=14"}],"wp:term":[{"taxonomy":"category","embeddable":true,"href":"https:\/\/support.gerasdorfer-stadtlauf.at\/index.php?rest_route=%2Fwp%2Fv2%2Fcategories&post=14"},{"taxonomy":"post_tag","embeddable":true,"href":"https:\/\/support.gerasdorfer-stadtlauf.at\/index.php?rest_route=%2Fwp%2Fv2%2Ftags&post=14"}],"curies":[{"name":"wp","href":"https:\/\/api.w.org\/{rel}","templated":true}]}}