{"id":609,"date":"2019-05-23T17:56:26","date_gmt":"2019-05-23T17:56:26","guid":{"rendered":"https:\/\/support.gerasdorfer-stadtlauf.at\/?p=609"},"modified":"2019-05-23T17:56:26","modified_gmt":"2019-05-23T17:56:26","slug":"wolkersdorfer-schlossparklauf-2019","status":"publish","type":"post","link":"https:\/\/support.gerasdorfer-stadtlauf.at\/?p=609","title":{"rendered":"Wolkersdorfer Schlossparklauf 2019"},"content":{"rendered":"<p><img loading=\"lazy\" decoding=\"async\" class=\" size-full wp-image-604\" src=\"https:\/\/support.gerasdorfer-stadtlauf.at\/wp-content\/uploads\/2019\/05\/WOLKERSDORF-001.jpg\" alt=\"\" width=\"640\" height=\"480\" srcset=\"https:\/\/support.gerasdorfer-stadtlauf.at\/wp-content\/uploads\/2019\/05\/WOLKERSDORF-001.jpg 640w, https:\/\/support.gerasdorfer-stadtlauf.at\/wp-content\/uploads\/2019\/05\/WOLKERSDORF-001-300x225.jpg 300w\" sizes=\"auto, (max-width: 640px) 100vw, 640px\" \/><\/p>\n<p>\u00a0<\/p>\n<p>\u00a0<\/p>\n<p>\u00a0<\/p>\n<p>\u00a0<\/p>\n<p>\u00a0<\/p>\n<p>\u00a0<\/p>\n<p>\u00a0<\/p>\n<p>\u00a0<\/p>\n<p>\u00a0<\/p>\n<p>\u00a0<\/p>\n<p>\u00a0<\/p>\n<p>\u00a0<\/p>\n<p>\u00a0<\/p>\n<p>\u00a0<\/p>\n<p>\u00a0<\/p>\n<p>\u00a0<\/p>\n<p>\u00a0<\/p>\n<p>\u00a0<\/p>\n<p>\u00a0<\/p>\n<p>\u00a0<\/p>\n<p>Am 11.05.2019 fand der 2. Wolkersdorfer Schlossparklauf statt. Da am gleichen Tag auch in Falkenstein der Berggerichtslauf anstand, waren wir in Wolkersdorf diesmal mit einer kleineren Mannschaft vertreten.<\/p>\n<p><!--more--><\/p>\n<p>Das Wetter meinte es gut mit uns \u2013 obwohl es Vormittags geregnet hat, h\u00f6rte der Regen p\u00fcnktlich zum Aufw\u00e4rmen auf, somit stand einem tollen Laufevent nichts mehr im Wege.<\/p>\n<p>Stefan \u00fcbernahm diesmal das Aufw\u00e4rmen und besichtigte mit den Kindern die Laufstrecke. Um 15:30 Uhr ging es dann los mit dem Kinderlauf \u2013 hier starteten bei den M\u00e4dchen Emilia und bei den Burschen Luca f\u00fcr den Dynamo Seyring. Es waren doch viele Kinder in den Altersklassen U8 und U10 am Start, und leider verzichtete der Veranstalter diesmal darauf die Starts getrennt nach Altersklassen nacheinander durchzuf\u00fchren (es starteten diesmal alle gleichzeitig), was zur Folge hatte, dass es gleich nach dem Start zu zwei St\u00fcrzen kam.<\/p>\n<p>Emilia war wieder sehr schnell unterwegs und konnte sich nach dem Gerangel am Start gut an die Spitze des Teilnehmerfeldes laufen. Sie gab wirklich alles, und man k\u00f6nnte meinen, sie wollte schon bei der WU10 mitlaufen. Sie kam als erste Ihrer Altersklasse ins Ziel \u2013 fast um 20 Sekunden schneller als die Zweitplatzierte!<\/p>\n<p>Luca meisterte den Lauf auch hervorragend und schaffte einen tollen 7.Platz! Bei doch sehr vielen Teilnehmern hier eine gute Leistung! Wir freuen uns auf die n\u00e4chsten L\u00e4ufe, das wird bestimmt noch spannend!<\/p>\n<p><span style=\"text-decoration: underline;\"><img loading=\"lazy\" decoding=\"async\" class=\" size-full wp-image-605\" src=\"https:\/\/support.gerasdorfer-stadtlauf.at\/wp-content\/uploads\/2019\/05\/WOLKERSDORF-004.jpg\" alt=\"\" width=\"240\" height=\"180\" \/><\/span> \u00a0 <span style=\"text-decoration: underline;\"><img loading=\"lazy\" decoding=\"async\" class=\" size-full wp-image-606\" src=\"https:\/\/support.gerasdorfer-stadtlauf.at\/wp-content\/uploads\/2019\/05\/WOLKERSDORF-005.jpg\" alt=\"\" width=\"240\" height=\"180\" \/><\/span><\/p>\n<p>\u00a0Der Sch\u00fclerlauf startete um 15:45 Uhr \u2013 f\u00fcr die Dynamos an den Start gingen Kristyna, Katharina, Tamara, Julia und zu unserer Freude auch Maya Paula. Der Sch\u00fclerlauf umfasste wieder 2 Runden im Schlosspark, also 1500 m.<\/p>\n<p>Hier waren dann etwas weniger L\u00e4ufer am Start, was es aber nicht weniger spannend machte. Der Start verlief anders als bei den Kindern ohne Probleme. Alle Starter kamen gut weg und bald verteilten sich die Teilnehmer auch einigerma\u00dfen gut auf der Strecke.<\/p>\n<p>Julia konnte sich gleich zu Beginn als erstes M\u00e4dchen an die Spitze des Sch\u00fclerlaufes setzten und sich somit auch den 1. Platz in der U14 sichern. Sie gab ein wirklich tolles Tempo vor, es war ein hervorragender Lauf von Julia!<\/p>\n<p>Tamara gab Ihr Bestes um kurz nach Ihrer Schwester ins Ziel zu kommen und sicherte sich so den 2. Platz in der U14. Im Zieleinlauf gab es zwischen Tamara und einem Burschen aus der U14 noch einen erbitterten Kampf, der schlussendlich unentschieden ausging. Wir gratulieren den Beiden M\u00e4dels zu Ihren tollen Leistungen!!<\/p>\n<p>Zu unserer Freude konnte Katharina in der U12 mit einem wirklich hervorragendem Lauf den 1.Platz f\u00fcr sich gewinnen. Da Katharina in den letzten Jahren doch oft auf dem 4.Platz landete, freut es uns besonders, dass Ihre Durchhaltekraft und das flei\u00dfige Training jetzt auch mit Stockerlpl\u00e4tzen belohnt werden!<\/p>\n<p>Was uns auch sehr begeistert hat, waren Kristyna und Maya Paula. Die Beiden absolvierten den gesamten Lauf gemeinsam \u2013 neben einander.<\/p>\n<p>Es war toll Euch zuzusehen! Es war eine so nette, freundschaftliche Geste, die uns wirklich sehr ber\u00fchrt hat! Euer L\u00e4cheln beim Laufen hat uns auch verraten, dass Ihr es wirklich genossen habt, diesen Lauf Seite an Seite zu bew\u00e4ltigen.<\/p>\n<p>Kristyna konnte den 11. Platz in der WU12 belegen, Maya Paula holte sich in Ihrer Altersklasse (U16) den 1. Platz. Gratulation!<\/p>\n<p><span style=\"text-decoration: underline;\"><img loading=\"lazy\" decoding=\"async\" class=\" size-full wp-image-607\" src=\"https:\/\/support.gerasdorfer-stadtlauf.at\/wp-content\/uploads\/2019\/05\/WOLKERSDORF-003.jpg\" alt=\"\" width=\"240\" height=\"180\" \/><\/span>\u00a0\u00a0 <span style=\"text-decoration: underline;\"><img loading=\"lazy\" decoding=\"async\" class=\" size-full wp-image-608\" src=\"https:\/\/support.gerasdorfer-stadtlauf.at\/wp-content\/uploads\/2019\/05\/WOLKERSDORF-002.jpg\" alt=\"\" width=\"240\" height=\"180\" \/><br \/><\/span><\/p>\n<p>Wir konnten in allen Altersklassen, in denen Dynamo\u00b4s starteten, Stockerlpl\u00e4tze erreichen! Das ist ein super Ergebnis und es hat richtig Spa\u00df gemacht!<\/p>\n<p>Weiters so! Wir freuen uns auf die kommende Saison mit noch vielen tollen Lauferlebnissen!<\/p>\n<p>\u00a0<\/p>\n<p><span style=\"text-decoration: underline;\"><a href=\"https:\/\/my1.raceresult.com\/113551\/results?lang=de\">Ergebnisse:<\/a><\/span><\/p>\n<p><span style=\"text-decoration: underline;\"><a href=\"https:\/\/www.flickr.com\/photos\/95044085@N02\/albums\/72157708749272687\">Fotos:<\/a><\/span><\/p>\n","protected":false},"excerpt":{"rendered":"<p>\u00a0 \u00a0 \u00a0 \u00a0 \u00a0 \u00a0 \u00a0 \u00a0 \u00a0 \u00a0 \u00a0 \u00a0 \u00a0 \u00a0 \u00a0 \u00a0 \u00a0 \u00a0 \u00a0 \u00a0 Am 11.05.2019 fand der 2. Wolkersdorfer Schlossparklauf statt. Da am gleichen Tag auch in Falkenstein der Berggerichtslauf anstand, waren wir in Wolkersdorf diesmal mit einer kleineren Mannschaft vertreten.<\/p>\n","protected":false},"author":4,"featured_media":604,"comment_status":"open","ping_status":"open","sticky":false,"template":"","format":"standard","meta":{"footnotes":""},"categories":[2],"tags":[],"class_list":["post-609","post","type-post","status-publish","format-standard","has-post-thumbnail","hentry","category-dynamo-seyring-der-verein"],"_links":{"self":[{"href":"https:\/\/support.gerasdorfer-stadtlauf.at\/index.php?rest_route=\/wp\/v2\/posts\/609","targetHints":{"allow":["GET"]}}],"collection":[{"href":"https:\/\/support.gerasdorfer-stadtlauf.at\/index.php?rest_route=\/wp\/v2\/posts"}],"about":[{"href":"https:\/\/support.gerasdorfer-stadtlauf.at\/index.php?rest_route=\/wp\/v2\/types\/post"}],"author":[{"embeddable":true,"href":"https:\/\/support.gerasdorfer-stadtlauf.at\/index.php?rest_route=\/wp\/v2\/users\/4"}],"replies":[{"embeddable":true,"href":"https:\/\/support.gerasdorfer-stadtlauf.at\/index.php?rest_route=%2Fwp%2Fv2%2Fcomments&post=609"}],"version-history":[{"count":0,"href":"https:\/\/support.gerasdorfer-stadtlauf.at\/index.php?rest_route=\/wp\/v2\/posts\/609\/revisions"}],"wp:featuredmedia":[{"embeddable":true,"href":"https:\/\/support.gerasdorfer-stadtlauf.at\/index.php?rest_route=\/wp\/v2\/media\/604"}],"wp:attachment":[{"href":"https:\/\/support.gerasdorfer-stadtlauf.at\/index.php?rest_route=%2Fwp%2Fv2%2Fmedia&parent=609"}],"wp:term":[{"taxonomy":"category","embeddable":true,"href":"https:\/\/support.gerasdorfer-stadtlauf.at\/index.php?rest_route=%2Fwp%2Fv2%2Fcategories&post=609"},{"taxonomy":"post_tag","embeddable":true,"href":"https:\/\/support.gerasdorfer-stadtlauf.at\/index.php?rest_route=%2Fwp%2Fv2%2Ftags&post=609"}],"curies":[{"name":"wp","href":"https:\/\/api.w.org\/{rel}","templated":true}]}}